{"id":16,"date":"2011-10-06T15:37:37","date_gmt":"2011-10-06T13:37:37","guid":{"rendered":"http:\/\/bertrandschmid.ch\/?p=16"},"modified":"2016-06-05T15:14:05","modified_gmt":"2016-06-05T13:14:05","slug":"ailleurs-soutien-de-la-commune-de-mezieres","status":"publish","type":"post","link":"https:\/\/bertrandschmid.ch\/?p=16","title":{"rendered":"\u00ab\u00a0Ailleurs\u00a0\u00bb \u2022 soutien de la commune de M\u00e9zi\u00e8res"},"content":{"rendered":"<p>La <a title=\"Site officiel de la Commune de M\u00e9zi\u00e8res\" href=\"http:\/\/www.mezieres.ch\/Mz\/\" target=\"_blank\">Commune de M\u00e9zi\u00e8res<\/a> a g\u00e9n\u00e9reusement contribu\u00e9 \u00e0 la publication du premier r\u00e9cit de Bertrand Schmid, <em>Ailleurs<\/em>.<\/p>\n<p>Ce soutien \u00e0 une premi\u00e8re publication est d&rsquo;autant plus appr\u00e9ciable quand elle provient de la commune o\u00f9 r\u00e9side l&rsquo;auteur. Qu&rsquo;elle en soit ici chaleureusement remerci\u00e9e.<\/p>\n","protected":false},"excerpt":{"rendered":"<p>La Commune de M\u00e9zi\u00e8res a g\u00e9n\u00e9reusement contribu\u00e9 \u00e0 la publication du premier r\u00e9cit de Bertrand Schmid, Ailleurs. Ce soutien \u00e0 une premi\u00e8re publication est d&rsquo;autant plus appr\u00e9ciable quand elle provient de la commune o\u00f9 r\u00e9side l&rsquo;auteur. Qu&rsquo;elle en soit ici chaleureusement remerci\u00e9e.<\/p>\n","protected":false},"author":1,"featured_media":0,"comment_status":"closed","ping_status":"open","sticky":false,"template":"","format":"standard","meta":{"_acf_changed":false,"jetpack_post_was_ever_published":false,"_jetpack_newsletter_access":"","_jetpack_dont_email_post_to_subs":false,"_jetpack_newsletter_tier_id":0,"_jetpack_memberships_contains_paywalled_content":false,"_jetpack_memberships_contains_paid_content":false,"footnotes":"","jetpack_publicize_message":"","jetpack_publicize_feature_enabled":true,"jetpack_social_post_already_shared":false,"jetpack_social_options":{"image_generator_settings":{"template":"highway","default_image_id":0,"font":"","enabled":false},"version":2}},"categories":[13],"tags":[],"class_list":["post-16","post","type-post","status-publish","format-standard","hentry","category-actualites"],"acf":[],"jetpack_publicize_connections":[],"jetpack_featured_media_url":"","jetpack_sharing_enabled":true,"jetpack-related-posts":[{"id":18,"url":"https:\/\/bertrandschmid.ch\/?p=18","url_meta":{"origin":16,"position":0},"title":"\u00ab\u00a0Ailleurs\u00a0\u00bb \u2022 soutien de l&rsquo;\u00c9tat de Vaud","author":"admin","date":"8 juillet 2011","format":false,"excerpt":"La publication d'Ailleurs b\u00e9n\u00e9ficie d'un soutien du Service des affaires culturelles de l'Etat de Vaud.","rel":"","context":"Dans &quot;Actualit\u00e9s&quot;","block_context":{"text":"Actualit\u00e9s","link":"https:\/\/bertrandschmid.ch\/?cat=13"},"img":{"alt_text":"","src":"","width":0,"height":0},"classes":[]},{"id":640,"url":"https:\/\/bertrandschmid.ch\/?p=640","url_meta":{"origin":16,"position":1},"title":"\u00ab\u00a0Autres ailleurs\u00a0\u00bb \u2022 article dans Le Messager","author":"admin","date":"21 juillet 2017","format":false,"excerpt":"Valentin Jordil consacre un article dans Le Messager du 21 juillet 2017 \u00e0 Bertrand Schmid, \u00e0 l'occasion de la parution de son recueil Autres ailleurs. Bertrand Schmid s\u2019aventure une fois de plus ailleurs, en posant des regards h\u00e9t\u00e9rog\u00e8nes sur le sujet. Cet \u00e9crit est le quatri\u00e8me du M\u00e9zi\u00e9rois. Une nouvelle\u2026","rel":"","context":"Dans &quot;Presse&quot;","block_context":{"text":"Presse","link":"https:\/\/bertrandschmid.ch\/?cat=3"},"img":{"alt_text":"Article du Messager \u00e0 propos d'Autres ailleurs","src":"https:\/\/i0.wp.com\/bertrandschmid.ch\/wp-content\/uploads\/2017\/07\/2017-07-21_messager-300x196.jpg?resize=350%2C200","width":350,"height":200},"classes":[]},{"id":39,"url":"https:\/\/bertrandschmid.ch\/?p=39","url_meta":{"origin":16,"position":2},"title":"\u00ab\u00a0Ailleurs\u00a0\u00bb \u2022 vernissage","author":"admin","date":"9 octobre 2011","format":false,"excerpt":"La librairie du Midi, \u00e0 Oron-le-Ville, organise une rencontre \u00e0 l'occasion de la publication d'Ailleurs. Bertrand Schmid, auteur d'Ailleurs et Laurence Boissier, auteur de Cahier des charges ainsi que leur \u00e9diteur Pascal Rebetez seont l\u00e0 pour lire et signer leurs ouvrages. Un ap\u00e9ritif se tiendra avant, pendant et apr\u00e8s.","rel":"","context":"Dans &quot;\u00c9v\u00e9nements&quot;","block_context":{"text":"\u00c9v\u00e9nements","link":"https:\/\/bertrandschmid.ch\/?cat=8"},"img":{"alt_text":"","src":"","width":0,"height":0},"classes":[]},{"id":1,"url":"https:\/\/bertrandschmid.ch\/?p=1","url_meta":{"origin":16,"position":3},"title":"\u00ab\u00a0Ailleurs\u00a0\u00bb \u2022 r\u00e9cit","author":"admin","date":"10 juillet 2011","format":false,"excerpt":"Le premier r\u00e9cit de Bertrand Schmid, Ailleurs, a paru en date du 15 octobre 2011 aux \u00e9ditions d'autre part. Ce court r\u00e9cit compte 78 pages r\u00e9parties en 6 chapitres. Dehors, il y a les venelles, les ruelles et les routes. Beaucoup de bitumes, tout entortill\u00e9s d\u2019embrouillaminis de sigles, de charivaris\u2026","rel":"","context":"Dans &quot;Publications&quot;","block_context":{"text":"Publications","link":"https:\/\/bertrandschmid.ch\/?cat=6"},"img":{"alt_text":"Ailleurs","src":"https:\/\/i0.wp.com\/bertrandschmid.ch\/wp-content\/uploads\/2011\/07\/ob_361b24_ailleurs-schmid-218x300.jpg?resize=350%2C200","width":350,"height":200},"classes":[]},{"id":638,"url":"https:\/\/bertrandschmid.ch\/?p=638","url_meta":{"origin":16,"position":4},"title":"\u00ab\u00a0Autres ailleurs\u00a0\u00bb \u2022 fugues","author":"admin","date":"21 juillet 2017","format":false,"excerpt":"Quatre r\u00e9cits, quatre lignes de fuite qui interrogent notre rapport \u00e0 l\u2019ailleurs. W\u00e4re ici ein Berliner: Khachik se souvient. Trente ans auparavant, en poste \u00e0 Berlin, il r\u00eavait, debout sur le mur. Son arme lui semble lointaine, tout comme les Allemands, tout comme l\u2019Ouest. Ailleurs: Un jeune homme part retrouver\u2026","rel":"","context":"Dans &quot;Publications&quot;","block_context":{"text":"Publications","link":"https:\/\/bertrandschmid.ch\/?cat=6"},"img":{"alt_text":"Couverture d'Autres ailleurs","src":"https:\/\/i0.wp.com\/bertrandschmid.ch\/wp-content\/uploads\/2017\/07\/Couv-182x300.jpg?resize=350%2C200","width":350,"height":200},"classes":[]},{"id":382,"url":"https:\/\/bertrandschmid.ch\/?p=382","url_meta":{"origin":16,"position":5},"title":"\u00ab\u00a0Ailleurs\u00a0\u00bb \u2022 recension sur La Cause litt\u00e9raire","author":"admin","date":"29 janvier 2014","format":false,"excerpt":"David Campais signe une chronique \u00e9logieuse concernant Ailleurs sur La Cause litt\u00e9raire. Quel talent, quel style. Bertrand Schmid nous livre avec Ailleurs un exercice magistral et nous montre comment faire rayonner le langage, faire exploser la langue fran\u00e7aise ; il a le sens des mots et des virgules, toutes ces\u2026","rel":"","context":"Dans &quot;Presse&quot;","block_context":{"text":"Presse","link":"https:\/\/bertrandschmid.ch\/?cat=3"},"img":{"alt_text":"","src":"","width":0,"height":0},"classes":[]}],"_links":{"self":[{"href":"https:\/\/bertrandschmid.ch\/index.php?rest_route=\/wp\/v2\/posts\/16","targetHints":{"allow":["GET"]}}],"collection":[{"href":"https:\/\/bertrandschmid.ch\/index.php?rest_route=\/wp\/v2\/posts"}],"about":[{"href":"https:\/\/bertrandschmid.ch\/index.php?rest_route=\/wp\/v2\/types\/post"}],"author":[{"embeddable":true,"href":"https:\/\/bertrandschmid.ch\/index.php?rest_route=\/wp\/v2\/users\/1"}],"replies":[{"embeddable":true,"href":"https:\/\/bertrandschmid.ch\/index.php?rest_route=%2Fwp%2Fv2%2Fcomments&post=16"}],"version-history":[{"count":3,"href":"https:\/\/bertrandschmid.ch\/index.php?rest_route=\/wp\/v2\/posts\/16\/revisions"}],"predecessor-version":[{"id":264,"href":"https:\/\/bertrandschmid.ch\/index.php?rest_route=\/wp\/v2\/posts\/16\/revisions\/264"}],"wp:attachment":[{"href":"https:\/\/bertrandschmid.ch\/index.php?rest_route=%2Fwp%2Fv2%2Fmedia&parent=16"}],"wp:term":[{"taxonomy":"category","embeddable":true,"href":"https:\/\/bertrandschmid.ch\/index.php?rest_route=%2Fwp%2Fv2%2Fcategories&post=16"},{"taxonomy":"post_tag","embeddable":true,"href":"https:\/\/bertrandschmid.ch\/index.php?rest_route=%2Fwp%2Fv2%2Ftags&post=16"}],"curies":[{"name":"wp","href":"https:\/\/api.w.org\/{rel}","templated":true}]}}