{"id":334,"date":"2016-05-19T22:29:55","date_gmt":"2016-05-19T20:29:55","guid":{"rendered":"http:\/\/bertrandschmid.ch\/?p=334"},"modified":"2016-05-27T09:16:57","modified_gmt":"2016-05-27T07:16:57","slug":"couffin-polygone-%e2%80%a2-nouvelle","status":"publish","type":"post","link":"https:\/\/bertrandschmid.ch\/?p=334","title":{"rendered":"\u00ab\u00a0Couffin polygone\u00a0\u00bb \u2022 nouvelle"},"content":{"rendered":"<p>Publication de la nouvelle <em>Couffin polygone<\/em> dans la revue <em>Arkha\u00ef<\/em> n\u00b0 15.<\/p>\n<blockquote><p>Sur son bureau qui \u00e9tait lourd comme un vrai, p\u00e8re avait pos\u00e9 un sous-main, mais un moderne, pas un de ces trucs verd\u00e2tres que les avocats et les docteurs aimaient, non, sur le sien il y avait le monde, pensez, le monde grand aplati, grand d\u00e9coup\u00e9, grand rectangle, comme un marque-page qui r\u00e9sumerait le livre, avec des couleurs, des serpents graffitis, des nuances de gris, de beige, de prairie, de ciel, d\u2019orange, de rouge, de langue, de son, de chiffre, de distance, de projections h\u00e9sitantes, d\u2019une projection aphylactique, d\u2019une projection conforme atrophi\u00e9e, des m\u00e9ridiens tout plein, des tangentes courbes, des courbes asexu\u00e9es, des bouff\u00e9es de p\u00f4les et de savanes, des nulle part couvrant le partout.<\/p><\/blockquote>\n<p><img loading=\"lazy\" decoding=\"async\" data-attachment-id=\"335\" data-permalink=\"https:\/\/bertrandschmid.ch\/?attachment_id=335\" data-orig-file=\"https:\/\/bertrandschmid.ch\/wp-content\/uploads\/2016\/05\/arkhai15.jpg\" data-orig-size=\"1238,1789\" data-comments-opened=\"0\" data-image-meta=\"{&quot;aperture&quot;:&quot;0&quot;,&quot;credit&quot;:&quot;&quot;,&quot;camera&quot;:&quot;&quot;,&quot;caption&quot;:&quot;&quot;,&quot;created_timestamp&quot;:&quot;0&quot;,&quot;copyright&quot;:&quot;&quot;,&quot;focal_length&quot;:&quot;0&quot;,&quot;iso&quot;:&quot;0&quot;,&quot;shutter_speed&quot;:&quot;0&quot;,&quot;title&quot;:&quot;&quot;,&quot;orientation&quot;:&quot;0&quot;}\" data-image-title=\"Arkham 15\" data-image-description=\"\" data-image-caption=\"\" data-medium-file=\"https:\/\/bertrandschmid.ch\/wp-content\/uploads\/2016\/05\/arkhai15-208x300.jpg\" data-large-file=\"https:\/\/bertrandschmid.ch\/wp-content\/uploads\/2016\/05\/arkhai15-709x1024.jpg\" src=\"http:\/\/bertrandschmid.ch\/wp-content\/uploads\/2016\/05\/arkhai15-208x300.jpg\" alt=\"Arkham 15\" width=\"208\" height=\"300\" class=\"aligncenter size-medium wp-image-335\" srcset=\"https:\/\/bertrandschmid.ch\/wp-content\/uploads\/2016\/05\/arkhai15-208x300.jpg 208w, https:\/\/bertrandschmid.ch\/wp-content\/uploads\/2016\/05\/arkhai15-768x1110.jpg 768w, https:\/\/bertrandschmid.ch\/wp-content\/uploads\/2016\/05\/arkhai15-709x1024.jpg 709w, https:\/\/bertrandschmid.ch\/wp-content\/uploads\/2016\/05\/arkhai15-900x1301.jpg 900w, https:\/\/bertrandschmid.ch\/wp-content\/uploads\/2016\/05\/arkhai15.jpg 1238w\" sizes=\"auto, (max-width: 208px) 100vw, 208px\" \/><\/p>\n","protected":false},"excerpt":{"rendered":"<p>Publication de la nouvelle Couffin polygone dans la revue Arkha\u00ef n\u00b0 15. Sur son bureau qui \u00e9tait lourd comme un vrai, p\u00e8re avait pos\u00e9 un sous-main, mais un moderne, pas un de ces trucs verd\u00e2tres que les avocats et les docteurs aimaient, non, sur le sien il y avait le monde, pensez, le monde grand [&hellip;]<\/p>\n","protected":false},"author":1,"featured_media":0,"comment_status":"closed","ping_status":"open","sticky":false,"template":"","format":"standard","meta":{"_acf_changed":false,"jetpack_post_was_ever_published":false,"_jetpack_newsletter_access":"","_jetpack_dont_email_post_to_subs":false,"_jetpack_newsletter_tier_id":0,"_jetpack_memberships_contains_paywalled_content":false,"_jetpack_memberships_contains_paid_content":false,"footnotes":"","jetpack_publicize_message":"","jetpack_publicize_feature_enabled":true,"jetpack_social_post_already_shared":true,"jetpack_social_options":{"image_generator_settings":{"template":"highway","default_image_id":0,"font":"","enabled":false},"version":2}},"categories":[6],"tags":[],"class_list":["post-334","post","type-post","status-publish","format-standard","hentry","category-publications"],"acf":[],"jetpack_publicize_connections":[],"jetpack_featured_media_url":"","jetpack_sharing_enabled":true,"jetpack-related-posts":[{"id":387,"url":"https:\/\/bertrandschmid.ch\/?p=387","url_meta":{"origin":334,"position":0},"title":"\u00ab\u00a0Doux \u00e0 l&rsquo;oreille\u00a0\u00bb \u2022 nouvelle","author":"admin","date":"28 octobre 2015","format":false,"excerpt":"Publication de la nouvelle Doux \u00e0 l'oreille dans le num\u00e9ro triple (n\u00b0 101-103) du journal litt\u00e9raire Le Persil. Quelque temps, grincements de lits chez elle chez lui, puis un appartement, deux pi\u00e8ces jolies mais pas trop, bon march\u00e9, avec des murs blancs et cass\u00e9s, seulement par endroits. Il lui avait\u2026","rel":"","context":"Dans &quot;Publications&quot;","block_context":{"text":"Publications","link":"https:\/\/bertrandschmid.ch\/?cat=6"},"img":{"alt_text":"Le Persil n\u00b0 101-103","src":"https:\/\/i0.wp.com\/bertrandschmid.ch\/wp-content\/uploads\/2016\/05\/12182932_809469815829171_5050820983784165360_o-227x300.jpg?resize=350%2C200","width":350,"height":200},"classes":[]},{"id":378,"url":"https:\/\/bertrandschmid.ch\/?p=378","url_meta":{"origin":334,"position":1},"title":"\u00ab\u00a0Qu&rsquo;importe son nom\u00a0\u00bb \u2022 nouvelle","author":"admin","date":"10 novembre 2015","format":false,"excerpt":"La nouvelle Qu'importe son nom a paru dans le recueil D\u00e9sirs, publi\u00e9 aux \u00e9ditions Encre Fra\u00eeche, dans le cadre du projet collectif La Maison \u00e9close. C'est un de ces soirs de gris qui te coulent autour. Dans le bar, on a la t\u00e9l\u00e9vision qui montre les canassons, les jockeys, les\u2026","rel":"","context":"Dans &quot;Publications&quot;","block_context":{"text":"Publications","link":"https:\/\/bertrandschmid.ch\/?cat=6"},"img":{"alt_text":"Recueil D\u00e9sirs","src":"https:\/\/i0.wp.com\/bertrandschmid.ch\/wp-content\/uploads\/2016\/05\/couv-desirs-300x300.png?resize=350%2C200","width":350,"height":200},"classes":[]},{"id":236,"url":"https:\/\/bertrandschmid.ch\/?p=236","url_meta":{"origin":334,"position":2},"title":"\u00ab\u00a0\u05d0\u05e0\u05d9 (Je)\u00a0\u00bb \u2022 nouvelle","author":"admin","date":"27 novembre 2015","format":false,"excerpt":"Publication num\u00e9rique de la nouvelle \u05d0\u05e0\u05d9 (Je) aux \u00e9ditions de l\u2019Abat-Jour. Parce que je ne connais ni la mer ni son sel ni ses vagues ni ses soleils ni ses ciels. Alors, disons que je suis dans une mer, j\u2019ai le droit, parce que je ne connais pas la vraie.\u2026","rel":"","context":"Dans &quot;Publications&quot;","block_context":{"text":"Publications","link":"https:\/\/bertrandschmid.ch\/?cat=6"},"img":{"alt_text":"","src":"","width":0,"height":0},"classes":[]},{"id":638,"url":"https:\/\/bertrandschmid.ch\/?p=638","url_meta":{"origin":334,"position":3},"title":"\u00ab\u00a0Autres ailleurs\u00a0\u00bb \u2022 fugues","author":"admin","date":"21 juillet 2017","format":false,"excerpt":"Quatre r\u00e9cits, quatre lignes de fuite qui interrogent notre rapport \u00e0 l\u2019ailleurs. W\u00e4re ici ein Berliner: Khachik se souvient. Trente ans auparavant, en poste \u00e0 Berlin, il r\u00eavait, debout sur le mur. Son arme lui semble lointaine, tout comme les Allemands, tout comme l\u2019Ouest. Ailleurs: Un jeune homme part retrouver\u2026","rel":"","context":"Dans &quot;Publications&quot;","block_context":{"text":"Publications","link":"https:\/\/bertrandschmid.ch\/?cat=6"},"img":{"alt_text":"Couverture d'Autres ailleurs","src":"https:\/\/i0.wp.com\/bertrandschmid.ch\/wp-content\/uploads\/2017\/07\/Couv-182x300.jpg?resize=350%2C200","width":350,"height":200},"classes":[]},{"id":385,"url":"https:\/\/bertrandschmid.ch\/?p=385","url_meta":{"origin":334,"position":4},"title":"\u00ab\u00a0Aux cailloux\u00a0\u00bb \u2022 nouvelle","author":"admin","date":"28 octobre 2015","format":false,"excerpt":"Publication de la nouvelle Aux cailloux dans le volume triple (n\u00b0 101-103) du journal litt\u00e9raire Le Persil. \u00c7a avait d\u00fb remonter en moi, une b\u00eate tapie, un gaz terreux, une terreur sinon, toute ramass\u00e9e de pluies, de noirceur, de froid, une torture de gel et d\u00e9gel. J\u2019avais fini de creuser,\u2026","rel":"","context":"Dans &quot;Publications&quot;","block_context":{"text":"Publications","link":"https:\/\/bertrandschmid.ch\/?cat=6"},"img":{"alt_text":"","src":"","width":0,"height":0},"classes":[]},{"id":223,"url":"https:\/\/bertrandschmid.ch\/?p=223","url_meta":{"origin":334,"position":5},"title":"\u00ab\u00a0Le Criant\u00a0\u00bb \u2022 nouvelle","author":"admin","date":"7 septembre 2015","format":false,"excerpt":"Publication num\u00e9rique de la nouvelle Le Criant aux \u00e9ditions de l'Abat-Jour. Au d\u00e9but fut le cri, et le cri, ma foi, je ne peux pas dire qu\u2019il \u00e9tait tourn\u00e9 vers ici ou plus haut et surtout par vers le Bondye, il \u00e9tait partout et roula de sous les escaliers, un\u2026","rel":"","context":"Dans &quot;Publications&quot;","block_context":{"text":"Publications","link":"https:\/\/bertrandschmid.ch\/?cat=6"},"img":{"alt_text":"","src":"","width":0,"height":0},"classes":[]}],"_links":{"self":[{"href":"https:\/\/bertrandschmid.ch\/index.php?rest_route=\/wp\/v2\/posts\/334","targetHints":{"allow":["GET"]}}],"collection":[{"href":"https:\/\/bertrandschmid.ch\/index.php?rest_route=\/wp\/v2\/posts"}],"about":[{"href":"https:\/\/bertrandschmid.ch\/index.php?rest_route=\/wp\/v2\/types\/post"}],"author":[{"embeddable":true,"href":"https:\/\/bertrandschmid.ch\/index.php?rest_route=\/wp\/v2\/users\/1"}],"replies":[{"embeddable":true,"href":"https:\/\/bertrandschmid.ch\/index.php?rest_route=%2Fwp%2Fv2%2Fcomments&post=334"}],"version-history":[{"count":3,"href":"https:\/\/bertrandschmid.ch\/index.php?rest_route=\/wp\/v2\/posts\/334\/revisions"}],"predecessor-version":[{"id":371,"href":"https:\/\/bertrandschmid.ch\/index.php?rest_route=\/wp\/v2\/posts\/334\/revisions\/371"}],"wp:attachment":[{"href":"https:\/\/bertrandschmid.ch\/index.php?rest_route=%2Fwp%2Fv2%2Fmedia&parent=334"}],"wp:term":[{"taxonomy":"category","embeddable":true,"href":"https:\/\/bertrandschmid.ch\/index.php?rest_route=%2Fwp%2Fv2%2Fcategories&post=334"},{"taxonomy":"post_tag","embeddable":true,"href":"https:\/\/bertrandschmid.ch\/index.php?rest_route=%2Fwp%2Fv2%2Ftags&post=334"}],"curies":[{"name":"wp","href":"https:\/\/api.w.org\/{rel}","templated":true}]}}