{"id":562,"date":"2016-11-14T16:32:28","date_gmt":"2016-11-14T15:32:28","guid":{"rendered":"http:\/\/bertrandschmid.ch\/?p=562"},"modified":"2017-03-31T15:55:28","modified_gmt":"2017-03-31T13:55:28","slug":"participation-au-cran-litteraire","status":"publish","type":"post","link":"https:\/\/bertrandschmid.ch\/?p=562","title":{"rendered":"Participation au Cran litt\u00e9raire"},"content":{"rendered":"<p>Bertrand Schmid a pr\u00e9sent\u00e9 une lecture\/performance autour de son roman <em>Saison des ruines<\/em> lors de la soir\u00e9e <a href=\"http:\/\/lecranlitteraire.net\/blog\/soiree-hostile-hiver\/\">Hostile Hiver<\/a> du <a href=\"http:\/\/lecranlitteraire.net\">Cran Litt\u00e9raire<\/a>, en compagnie de Dunia Miralles. La soir\u00e9e eut lieu le 27 janvier 2017 au <a href=\"http:\/\/www.cinemabellevaux.ch\">cin\u00e9ma Bellevaux<\/a>, \u00e0 Lausanne. La lecture a \u00e9t\u00e9 accompagn\u00e9e d&rsquo;une photographie du <a href=\"http:\/\/www.collectif-fact.ch\">Collectif _fact<\/a>. Un de leurs films, <a href=\"http:\/\/www.collectif-fact.ch\/?portfolio=a-land-fit-for-heroes-2014\"><em>A Land Fit for Heroes<\/em><\/a>, a clos la performance.<\/p>\n<p><a href=\"http:\/\/bertrandschmid.ch\/wp-content\/uploads\/2016\/11\/lecran-saison3-112-1420x504.jpg\"><img loading=\"lazy\" decoding=\"async\" data-attachment-id=\"563\" data-permalink=\"https:\/\/bertrandschmid.ch\/?attachment_id=563\" data-orig-file=\"https:\/\/bertrandschmid.ch\/wp-content\/uploads\/2016\/11\/lecran-saison3-112-1420x504.jpg\" data-orig-size=\"1420,504\" data-comments-opened=\"0\" data-image-meta=\"{&quot;aperture&quot;:&quot;0&quot;,&quot;credit&quot;:&quot;&quot;,&quot;camera&quot;:&quot;&quot;,&quot;caption&quot;:&quot;&quot;,&quot;created_timestamp&quot;:&quot;0&quot;,&quot;copyright&quot;:&quot;&quot;,&quot;focal_length&quot;:&quot;0&quot;,&quot;iso&quot;:&quot;0&quot;,&quot;shutter_speed&quot;:&quot;0&quot;,&quot;title&quot;:&quot;&quot;,&quot;orientation&quot;:&quot;0&quot;}\" data-image-title=\"Affiche Hostile Hiver\" data-image-description=\"\" data-image-caption=\"\" data-medium-file=\"https:\/\/bertrandschmid.ch\/wp-content\/uploads\/2016\/11\/lecran-saison3-112-1420x504-300x106.jpg\" data-large-file=\"https:\/\/bertrandschmid.ch\/wp-content\/uploads\/2016\/11\/lecran-saison3-112-1420x504-1024x363.jpg\" src=\"http:\/\/bertrandschmid.ch\/wp-content\/uploads\/2016\/11\/lecran-saison3-112-1420x504-1024x363.jpg\" alt=\"Affiche Hostile Hiver\" width=\"629\" height=\"223\" class=\"aligncenter size-large wp-image-563\" srcset=\"https:\/\/bertrandschmid.ch\/wp-content\/uploads\/2016\/11\/lecran-saison3-112-1420x504-1024x363.jpg 1024w, https:\/\/bertrandschmid.ch\/wp-content\/uploads\/2016\/11\/lecran-saison3-112-1420x504-300x106.jpg 300w, https:\/\/bertrandschmid.ch\/wp-content\/uploads\/2016\/11\/lecran-saison3-112-1420x504-768x273.jpg 768w, https:\/\/bertrandschmid.ch\/wp-content\/uploads\/2016\/11\/lecran-saison3-112-1420x504-900x319.jpg 900w, https:\/\/bertrandschmid.ch\/wp-content\/uploads\/2016\/11\/lecran-saison3-112-1420x504-1280x454.jpg 1280w, https:\/\/bertrandschmid.ch\/wp-content\/uploads\/2016\/11\/lecran-saison3-112-1420x504.jpg 1420w\" sizes=\"auto, (max-width: 629px) 100vw, 629px\" \/><\/a><\/p>\n","protected":false},"excerpt":{"rendered":"<p>Bertrand Schmid a pr\u00e9sent\u00e9 une lecture\/performance autour de son roman Saison des ruines lors de la soir\u00e9e Hostile Hiver du Cran Litt\u00e9raire, en compagnie de Dunia Miralles. La soir\u00e9e eut lieu le 27 janvier 2017 au cin\u00e9ma Bellevaux, \u00e0 Lausanne. La lecture a \u00e9t\u00e9 accompagn\u00e9e d&rsquo;une photographie du Collectif _fact. Un de leurs films, A [&hellip;]<\/p>\n","protected":false},"author":1,"featured_media":0,"comment_status":"closed","ping_status":"open","sticky":false,"template":"","format":"standard","meta":{"_acf_changed":false,"jetpack_post_was_ever_published":false,"_jetpack_newsletter_access":"","_jetpack_dont_email_post_to_subs":true,"_jetpack_newsletter_tier_id":0,"_jetpack_memberships_contains_paywalled_content":false,"_jetpack_memberships_contains_paid_content":false,"footnotes":"","jetpack_publicize_message":"","jetpack_publicize_feature_enabled":true,"jetpack_social_post_already_shared":true,"jetpack_social_options":{"image_generator_settings":{"template":"highway","default_image_id":0,"font":"","enabled":false},"version":2}},"categories":[8],"tags":[],"class_list":["post-562","post","type-post","status-publish","format-standard","hentry","category-evenements"],"acf":[],"jetpack_publicize_connections":[],"jetpack_featured_media_url":"","jetpack_sharing_enabled":true,"jetpack-related-posts":[{"id":619,"url":"https:\/\/bertrandschmid.ch\/?p=619","url_meta":{"origin":562,"position":0},"title":"Bourse litt\u00e9raire Pro Helvetia 2017","author":"admin","date":"23 juin 2017","format":false,"excerpt":"Bertrand Schmid a re\u00e7u avec une grande reconnaissance la bourse litt\u00e9raire de Pro Helvetia 2017. La somme lui permettra de mener \u00e0 bien son travail d'\u00e9criture en cours. Lien vers le communiqu\u00e9 de presse:https:\/\/prohelvetia.ch\/fr\/press-release\/bourses-litteraires-2017\/","rel":"","context":"Dans &quot;Actualit\u00e9s&quot;","block_context":{"text":"Actualit\u00e9s","link":"https:\/\/bertrandschmid.ch\/?cat=13"},"img":{"alt_text":"","src":"","width":0,"height":0},"classes":[]},{"id":316,"url":"https:\/\/bertrandschmid.ch\/?p=316","url_meta":{"origin":562,"position":1},"title":"\u00ab\u00a0La Batrachomyomachie\u00a0\u00bb \u2022 invitation du CTL","author":"admin","date":"17 mars 2016","format":false,"excerpt":"Le Centre de traduction litt\u00e9raire de l'Universit\u00e9 de Lausanne a invit\u00e9 Bertrand Schmid pour parler de la probl\u00e9matique de la traduction de textes antiques, \u00e0 l'occasion de la parution de sa traduction de La Batrachomyomachie, \u00e0 para\u00eetre en avril 2016 aux \u00e9ditions H\u00e9lice H\u00e9las. Cette rencontre aura lieu le 21\u2026","rel":"","context":"Dans &quot;Actualit\u00e9s&quot;","block_context":{"text":"Actualit\u00e9s","link":"https:\/\/bertrandschmid.ch\/?cat=13"},"img":{"alt_text":"","src":"","width":0,"height":0},"classes":[]},{"id":382,"url":"https:\/\/bertrandschmid.ch\/?p=382","url_meta":{"origin":562,"position":2},"title":"\u00ab\u00a0Ailleurs\u00a0\u00bb \u2022 recension sur La Cause litt\u00e9raire","author":"admin","date":"29 janvier 2014","format":false,"excerpt":"David Campais signe une chronique \u00e9logieuse concernant Ailleurs sur La Cause litt\u00e9raire. Quel talent, quel style. Bertrand Schmid nous livre avec Ailleurs un exercice magistral et nous montre comment faire rayonner le langage, faire exploser la langue fran\u00e7aise ; il a le sens des mots et des virgules, toutes ces\u2026","rel":"","context":"Dans &quot;Presse&quot;","block_context":{"text":"Presse","link":"https:\/\/bertrandschmid.ch\/?cat=3"},"img":{"alt_text":"","src":"","width":0,"height":0},"classes":[]},{"id":539,"url":"https:\/\/bertrandschmid.ch\/?p=539","url_meta":{"origin":562,"position":3},"title":"\u00ab\u00a0Saison des ruines\u00a0\u00bb \u2022 chronique sur La Cause Litt\u00e9raire","author":"admin","date":"5 septembre 2016","format":false,"excerpt":"Le site La cause Litt\u00e9raire publie la chronique de Val\u00e9rie Debieux sur Saison des ruines. Broy\u00e9s par l\u2019existence, les protagonistes se battent pour mouiller l\u2019ancre dans un port meilleur, plus s\u00fbr, plus accueillant, mais ils n\u2019y parviennent pas, des vents contraires faisant d\u00e9river leur embarcation existentielle vers des lieux sinistres.\u2026","rel":"","context":"Dans &quot;Presse&quot;","block_context":{"text":"Presse","link":"https:\/\/bertrandschmid.ch\/?cat=3"},"img":{"alt_text":"","src":"","width":0,"height":0},"classes":[]},{"id":496,"url":"https:\/\/bertrandschmid.ch\/?p=496","url_meta":{"origin":562,"position":4},"title":"Pr\u00e9sence au Livre sur les quais","author":"admin","date":"29 ao\u00fbt 2016","format":false,"excerpt":"Bertrand Schmid \u00e9tait pr\u00e9sent au Livre sur les quais, \u00e0 Morges, du 2 au 4 septembre 2016. Il a eu le plaisir de vous rencontrer \u00e0 l'occasion de la table ronde \"\u00c0 la red\u00e9couverte de C.F. Landry\", lors de diff\u00e9rents \"speed datings\" litt\u00e9raires ou encore au Confessionnal. Pour un r\u00e9sum\u00e9\u2026","rel":"","context":"Dans &quot;Actualit\u00e9s&quot;","block_context":{"text":"Actualit\u00e9s","link":"https:\/\/bertrandschmid.ch\/?cat=13"},"img":{"alt_text":"","src":"","width":0,"height":0},"classes":[]},{"id":3663,"url":"https:\/\/bertrandschmid.ch\/?p=3663","url_meta":{"origin":562,"position":5},"title":"L&rsquo;Aiguilleur : prix litt\u00e9raires","author":"admin","date":"15 septembre 2023","format":false,"excerpt":"Le roman L'Aiguilleur a \u00e9t\u00e9 s\u00e9lectionn\u00e9 par diff\u00e9rents prix : Prix Alain Spiess du deuxi\u00e8me roman, s\u00e9lection 2021, finaliste 2021 Prix Lettres-Fronti\u00e8res, s\u00e9lection 2022 Prix Bibliomedia, s\u00e9lection 2022","rel":"","context":"Dans &quot;Actualit\u00e9s&quot;","block_context":{"text":"Actualit\u00e9s","link":"https:\/\/bertrandschmid.ch\/?cat=13"},"img":{"alt_text":"","src":"","width":0,"height":0},"classes":[]}],"_links":{"self":[{"href":"https:\/\/bertrandschmid.ch\/index.php?rest_route=\/wp\/v2\/posts\/562","targetHints":{"allow":["GET"]}}],"collection":[{"href":"https:\/\/bertrandschmid.ch\/index.php?rest_route=\/wp\/v2\/posts"}],"about":[{"href":"https:\/\/bertrandschmid.ch\/index.php?rest_route=\/wp\/v2\/types\/post"}],"author":[{"embeddable":true,"href":"https:\/\/bertrandschmid.ch\/index.php?rest_route=\/wp\/v2\/users\/1"}],"replies":[{"embeddable":true,"href":"https:\/\/bertrandschmid.ch\/index.php?rest_route=%2Fwp%2Fv2%2Fcomments&post=562"}],"version-history":[{"count":6,"href":"https:\/\/bertrandschmid.ch\/index.php?rest_route=\/wp\/v2\/posts\/562\/revisions"}],"predecessor-version":[{"id":579,"href":"https:\/\/bertrandschmid.ch\/index.php?rest_route=\/wp\/v2\/posts\/562\/revisions\/579"}],"wp:attachment":[{"href":"https:\/\/bertrandschmid.ch\/index.php?rest_route=%2Fwp%2Fv2%2Fmedia&parent=562"}],"wp:term":[{"taxonomy":"category","embeddable":true,"href":"https:\/\/bertrandschmid.ch\/index.php?rest_route=%2Fwp%2Fv2%2Fcategories&post=562"},{"taxonomy":"post_tag","embeddable":true,"href":"https:\/\/bertrandschmid.ch\/index.php?rest_route=%2Fwp%2Fv2%2Ftags&post=562"}],"curies":[{"name":"wp","href":"https:\/\/api.w.org\/{rel}","templated":true}]}}