{"id":6313,"date":"2025-09-10T22:47:27","date_gmt":"2025-09-10T20:47:27","guid":{"rendered":"https:\/\/bertrandschmid.ch\/?p=6313"},"modified":"2025-09-10T22:47:27","modified_gmt":"2025-09-10T20:47:27","slug":"a-paraitre-en-2026","status":"publish","type":"post","link":"https:\/\/bertrandschmid.ch\/?p=6313","title":{"rendered":"\u00c0 para\u00eetre en 2026"},"content":{"rendered":"\n<p>Le roman <em>Sillons<\/em> para\u00eetra aux \u00e9ditions <a href=\"https:\/\/www.editions-baconniere.ch\" data-type=\"link\" data-id=\"https:\/\/www.editions-baconniere.ch\">La Baconni\u00e8re<\/a> le 6 f\u00e9vrier 2026.<\/p>\n\n\n\n<p>Ce roman explore les choix d&rsquo;une vie, des champs de la France occup\u00e9e \u00e0 Herbert von Karajan.<\/p>\n\n\n\n<p><\/p>\n","protected":false},"excerpt":{"rendered":"<p>Le roman Sillons para\u00eetra aux \u00e9ditions La Baconni\u00e8re le 6 f\u00e9vrier 2026. Ce roman explore les choix d&rsquo;une vie, des champs de la France occup\u00e9e \u00e0 Herbert von Karajan.<\/p>\n","protected":false},"author":1,"featured_media":0,"comment_status":"closed","ping_status":"open","sticky":false,"template":"","format":"standard","meta":{"_acf_changed":false,"jetpack_post_was_ever_published":false,"_jetpack_newsletter_access":"","_jetpack_dont_email_post_to_subs":true,"_jetpack_newsletter_tier_id":0,"_jetpack_memberships_contains_paywalled_content":false,"_jetpack_memberships_contains_paid_content":false,"footnotes":"","jetpack_publicize_message":"","jetpack_publicize_feature_enabled":true,"jetpack_social_post_already_shared":true,"jetpack_social_options":{"image_generator_settings":{"template":"highway","enabled":false},"version":2}},"categories":[13],"tags":[],"class_list":["post-6313","post","type-post","status-publish","format-standard","hentry","category-actualites"],"acf":[],"jetpack_publicize_connections":[],"jetpack_featured_media_url":"","jetpack_sharing_enabled":true,"jetpack-related-posts":[{"id":6333,"url":"https:\/\/bertrandschmid.ch\/?p=6333","url_meta":{"origin":6313,"position":0},"title":"\u00c0 para\u00eetre : Sillons","author":"admin","date":"9 d\u00e9cembre 2025","format":false,"excerpt":"Le prochain roman de Bertrand Schmid, Sillons, para\u00eetra le 6 f\u00e9vrier 2026 aux \u00c9ditions La Baconni\u00e8re. Bertrand Schmid, Sillons, \u00e9ditions La Baconni\u00e8re, 2026, 128 p., ISBN 9782889601899","rel":"","context":"Dans &quot;Actualit\u00e9s&quot;","block_context":{"text":"Actualit\u00e9s","link":"https:\/\/bertrandschmid.ch\/?cat=13"},"img":{"alt_text":"","src":"https:\/\/i0.wp.com\/bertrandschmid.ch\/wp-content\/uploads\/2025\/12\/Sillons-de-Bertrand-Schmid-couv-ap.tif.jpg?resize=350%2C200&ssl=1","width":350,"height":200,"srcset":"https:\/\/i0.wp.com\/bertrandschmid.ch\/wp-content\/uploads\/2025\/12\/Sillons-de-Bertrand-Schmid-couv-ap.tif.jpg?resize=350%2C200&ssl=1 1x, https:\/\/i0.wp.com\/bertrandschmid.ch\/wp-content\/uploads\/2025\/12\/Sillons-de-Bertrand-Schmid-couv-ap.tif.jpg?resize=525%2C300&ssl=1 1.5x, https:\/\/i0.wp.com\/bertrandschmid.ch\/wp-content\/uploads\/2025\/12\/Sillons-de-Bertrand-Schmid-couv-ap.tif.jpg?resize=700%2C400&ssl=1 2x, https:\/\/i0.wp.com\/bertrandschmid.ch\/wp-content\/uploads\/2025\/12\/Sillons-de-Bertrand-Schmid-couv-ap.tif.jpg?resize=1050%2C600&ssl=1 3x, https:\/\/i0.wp.com\/bertrandschmid.ch\/wp-content\/uploads\/2025\/12\/Sillons-de-Bertrand-Schmid-couv-ap.tif.jpg?resize=1400%2C800&ssl=1 4x"},"classes":[]},{"id":1467,"url":"https:\/\/bertrandschmid.ch\/?p=1467","url_meta":{"origin":6313,"position":1},"title":"\u00c0 para\u00eetre : L&rsquo;Aiguilleur","author":"admin","date":"31 mai 2021","format":false,"excerpt":"Le prochain roman de Bertrand Schmid, L'Aiguilleur, para\u00eetra le 1er septembre 2021 aux \u00e9ditions Inculte. L'auteur le pr\u00e9sente bri\u00e8vement ici : https:\/\/www.youtube.com\/embed\/kASCvoI9K2s Au fin fond de la for\u00eat russe, alors que Staline acc\u00e9l\u00e8re les d\u00e9portations dans les camps, un vieil aiguilleur charg\u00e9 de l'entretien des rails voit rejaillir un pass\u00e9\u2026","rel":"","context":"Dans &quot;Actualit\u00e9s&quot;","block_context":{"text":"Actualit\u00e9s","link":"https:\/\/bertrandschmid.ch\/?cat=13"},"img":{"alt_text":"Couverture de l'Aiguilleur","src":"https:\/\/i0.wp.com\/bertrandschmid.ch\/wp-content\/uploads\/2021\/05\/FB433AE9-D29C-46EF-98F3-6E6E8B23DBE5.jpeg?resize=350%2C200&ssl=1","width":350,"height":200,"srcset":"https:\/\/i0.wp.com\/bertrandschmid.ch\/wp-content\/uploads\/2021\/05\/FB433AE9-D29C-46EF-98F3-6E6E8B23DBE5.jpeg?resize=350%2C200&ssl=1 1x, https:\/\/i0.wp.com\/bertrandschmid.ch\/wp-content\/uploads\/2021\/05\/FB433AE9-D29C-46EF-98F3-6E6E8B23DBE5.jpeg?resize=525%2C300&ssl=1 1.5x, https:\/\/i0.wp.com\/bertrandschmid.ch\/wp-content\/uploads\/2021\/05\/FB433AE9-D29C-46EF-98F3-6E6E8B23DBE5.jpeg?resize=700%2C400&ssl=1 2x"},"classes":[]},{"id":464,"url":"https:\/\/bertrandschmid.ch\/?p=464","url_meta":{"origin":6313,"position":2},"title":"\u00ab\u00a0Saison des ruines\u00a0\u00bb \u2022 s\u00e9lection","author":"admin","date":"27 juillet 2016","format":false,"excerpt":"Saison des ruines, premier roman de Bertrand Schmid, \u00e0 para\u00eetre aux \u00e9ditions l'\u00c2ge d'Homme en ao\u00fbt 2016, a \u00e9t\u00e9 s\u00e9lectionn\u00e9 pour le prix SPG 2017.","rel":"","context":"Dans &quot;Actualit\u00e9s&quot;","block_context":{"text":"Actualit\u00e9s","link":"https:\/\/bertrandschmid.ch\/?cat=13"},"img":{"alt_text":"S\u00e9lection du prix litt\u00e9raire SPG","src":"https:\/\/i0.wp.com\/bertrandschmid.ch\/wp-content\/uploads\/2016\/07\/160720_Montage_05-397x1024.png?resize=350%2C200","width":350,"height":200},"classes":[]},{"id":6342,"url":"https:\/\/bertrandschmid.ch\/?p=6342","url_meta":{"origin":6313,"position":3},"title":"Vernissage de Sillons","author":"admin","date":"12 janvier 2026","format":false,"excerpt":"Le vernissage du dernier roman de Bertrand Schmid, Sillons, aura lieu \u00e0 la librairie La Fontaine, \u00e0 Vevey, le vendredi 6 f\u00e9vrier 2026 d\u00e8s 17 h 30. Vous y \u00eates les bienvenus pour rencontrer l'auteur et partager un petit verre.","rel":"","context":"Dans &quot;Actualit\u00e9s&quot;","block_context":{"text":"Actualit\u00e9s","link":"https:\/\/bertrandschmid.ch\/?cat=13"},"img":{"alt_text":"","src":"https:\/\/i0.wp.com\/bertrandschmid.ch\/wp-content\/uploads\/2026\/01\/image0-scaled.png?resize=350%2C200&ssl=1","width":350,"height":200,"srcset":"https:\/\/i0.wp.com\/bertrandschmid.ch\/wp-content\/uploads\/2026\/01\/image0-scaled.png?resize=350%2C200&ssl=1 1x, https:\/\/i0.wp.com\/bertrandschmid.ch\/wp-content\/uploads\/2026\/01\/image0-scaled.png?resize=525%2C300&ssl=1 1.5x, https:\/\/i0.wp.com\/bertrandschmid.ch\/wp-content\/uploads\/2026\/01\/image0-scaled.png?resize=700%2C400&ssl=1 2x, https:\/\/i0.wp.com\/bertrandschmid.ch\/wp-content\/uploads\/2026\/01\/image0-scaled.png?resize=1050%2C600&ssl=1 3x, https:\/\/i0.wp.com\/bertrandschmid.ch\/wp-content\/uploads\/2026\/01\/image0-scaled.png?resize=1400%2C800&ssl=1 4x"},"classes":[]},{"id":449,"url":"https:\/\/bertrandschmid.ch\/?p=449","url_meta":{"origin":6313,"position":4},"title":"Participation au festival In-Cit\u00e9","author":"admin","date":"4 juillet 2016","format":false,"excerpt":"Lors du Festival In-Cit\u00e9, Pascal Cottin lira des extraits de Saison des ruines, le prochain roman de Bertrand Schmid, \u00e0 para\u00eetre le 25 ao\u00fbt 2016 aux \u00e9ditions L'\u00c2ge d'Homme. S\u00e9bastien Pittet accompagnera les mots de sa basse. Une lecture sous les \u00e9toiles \u00e0 ne pas manquer, en plein centre de\u2026","rel":"","context":"Dans &quot;Actualit\u00e9s&quot;","block_context":{"text":"Actualit\u00e9s","link":"https:\/\/bertrandschmid.ch\/?cat=13"},"img":{"alt_text":"","src":"","width":0,"height":0},"classes":[]},{"id":559,"url":"https:\/\/bertrandschmid.ch\/?p=559","url_meta":{"origin":6313,"position":5},"title":"\u00ab\u00a0Saison des ruines\u00a0\u00bb \u2022 chronique de Sandra Morier","author":"admin","date":"14 novembre 2016","format":false,"excerpt":"Sandra Morier, sur son blog Silence, je lis, parle du roman Saison des ruines. Un style et un vocabulaire soign\u00e9 et choisi caract\u00e9rise ce roman qui a mon avis est \u00e9crit avec intelligence. [\u2026] Ce roman se d\u00e9guste, se dig\u00e8re et se r\u00e9fl\u00e9chit. http:\/\/silencejelis.blogspot.ch\/2016\/11\/saison-des-ruines.html?spref=fb","rel":"","context":"Dans &quot;Presse&quot;","block_context":{"text":"Presse","link":"https:\/\/bertrandschmid.ch\/?cat=3"},"img":{"alt_text":"","src":"","width":0,"height":0},"classes":[]}],"_links":{"self":[{"href":"https:\/\/bertrandschmid.ch\/index.php?rest_route=\/wp\/v2\/posts\/6313","targetHints":{"allow":["GET"]}}],"collection":[{"href":"https:\/\/bertrandschmid.ch\/index.php?rest_route=\/wp\/v2\/posts"}],"about":[{"href":"https:\/\/bertrandschmid.ch\/index.php?rest_route=\/wp\/v2\/types\/post"}],"author":[{"embeddable":true,"href":"https:\/\/bertrandschmid.ch\/index.php?rest_route=\/wp\/v2\/users\/1"}],"replies":[{"embeddable":true,"href":"https:\/\/bertrandschmid.ch\/index.php?rest_route=%2Fwp%2Fv2%2Fcomments&post=6313"}],"version-history":[{"count":1,"href":"https:\/\/bertrandschmid.ch\/index.php?rest_route=\/wp\/v2\/posts\/6313\/revisions"}],"predecessor-version":[{"id":6314,"href":"https:\/\/bertrandschmid.ch\/index.php?rest_route=\/wp\/v2\/posts\/6313\/revisions\/6314"}],"wp:attachment":[{"href":"https:\/\/bertrandschmid.ch\/index.php?rest_route=%2Fwp%2Fv2%2Fmedia&parent=6313"}],"wp:term":[{"taxonomy":"category","embeddable":true,"href":"https:\/\/bertrandschmid.ch\/index.php?rest_route=%2Fwp%2Fv2%2Fcategories&post=6313"},{"taxonomy":"post_tag","embeddable":true,"href":"https:\/\/bertrandschmid.ch\/index.php?rest_route=%2Fwp%2Fv2%2Ftags&post=6313"}],"curies":[{"name":"wp","href":"https:\/\/api.w.org\/{rel}","templated":true}]}}